{"id":45,"date":"2019-11-12T17:51:30","date_gmt":"2019-11-12T15:51:30","guid":{"rendered":"https:\/\/www.catalomat.ro\/blog\/?p=45"},"modified":"2022-11-09T18:15:30","modified_gmt":"2022-11-09T16:15:30","slug":"cum-va-fi-emag-black-friday-2019","status":"publish","type":"post","link":"https:\/\/www.catalomat.ro\/blog\/cum-va-fi-emag-black-friday-2019\/","title":{"rendered":"Cum va fi Emag Black Friday 2019?"},"content":{"rendered":"\n<p><strong>Black Friday Romania 2019 <\/strong>e aproape aici! Comercian\u0163ii \u015fi retailerii au muncit din timp pentru a&nbsp;veni cu oferte atractive pentru clien\u0163ii acestora.<\/p>\n\n\n\n<ul class=\"wp-block-list\"><li><strong><a href=\"#nadpis1\">Edi\u0163ia din 2019<\/a><\/strong><\/li><li><strong><a href=\"#nadpis2\">Black Friday Emag 2019<\/a><\/strong><\/li><li><strong><a href=\"#nadpis3\">Ponturi de cump\u0103r\u0103turi<\/a><\/strong><\/li><\/ul>\n\n\n\n<h2 class=\"wp-block-heading\" id=\"nadpis1\"><strong>Edi\u0163ia din 2019<\/strong><\/h2>\n\n\n\n<p>Pentru Black Friday 2019, un punct important pe agend\u0103 \u00eel reprezint\u0103 oferta retailerul <strong><a href=\"http:\/\/www.catalomat.ro\/emag\">Emag<\/a><\/strong>. S\u0103 nu uit\u0103m c\u0103 magazinul este cel care a&nbsp;adus pe pia\u0163a din Rom\u00e2nia conceptul de Vinerea neagr\u0103, organiz\u00e2nd primul Black Friday Rom\u00e2nia \u00een 2011. De atunci, succesul de care s-a bucurat evenimentul a&nbsp;convins \u015fi al\u0163i retaileri s\u0103 se al\u0103ture reducerilor. Ce bine e s\u0103 po\u0163i cump\u0103ra \u00eentro zi o&nbsp;gam\u0103 larg\u0103 de produse! Iar, conform tradi\u0163iei \u00een Rom\u00e2nia, c\u00e2nd Black Friday a&nbsp;picat intro zi de vineri, promoti\u0163iile s-au intins pe tot weekendul. Ca s\u0103 avem mai mult timp pentru a&nbsp;alege cele mai bune oferte.&nbsp;<\/p>\n\n\n\n<p>Ofertele <strong>Black Friday Emag<\/strong> se pot g\u0103si at\u00e2t pe site-ul retailerului, c\u00e2t \u015fi pe alte platforme care promoveaz\u0103 reducerile de <a href=\"http:\/\/www.catalomat.ro\/black-friday\">Black Friday<\/a>. Ca s\u0103 ne fie c\u00e2t mai accesibil.<\/p>\n\n\n\n<h2 class=\"wp-block-heading\" id=\"nadpis2\"><strong>Black Friday Emag 2019<\/strong><\/h2>\n\n\n\n<p>Emag Black Friday 2019 va avea loc pe 15 Noiembrie. Ce po\u0163i achizi\u0163iona de Black Friday Emag? O&nbsp;gam\u0103 larg\u0103 de produse, de la televizoare, telefoane, la produse pentru copii, mobil\u0103. Simplu spus, tot ce ai nevoie tu \u015fi familia ta. E o&nbsp;ocazie bun\u0103 s\u0103 dai startul cump\u0103r\u0103turilor de Cr\u0103ciun cu aceast\u0103 ocazie \u015fi s\u0103 reuse\u015fti \u015fi s\u0103 economise\u015fti.&nbsp;<\/p>\n\n\n\n<p>Reducerile Black Friday din edi\u0163ia 2019 urmeaz\u0103 trendul stabilit \u00een anii preceden\u0163i, majoritatea reducerilor situ\u00e2ndu-se \u00eenspre 40 la sut\u0103. \u00cen func\u0163ie de produsul dorit, reducerea poate fi substan\u0163ial\u0103, iar banii r\u0103ma\u015fi \u00een portofel utiliza\u0163i pentru alte cump\u0103r\u0103turi.&nbsp;<\/p>\n\n\n\n<figure class=\"wp-block-image\"><img loading=\"lazy\" decoding=\"async\" width=\"800\" height=\"533\" src=\"https:\/\/www.catalomat.ro\/blog\/wp-content\/uploads\/2019\/11\/black-friday-4645768_1280.jpg\" alt=\"black friday\" class=\"wp-image-66\" srcset=\"https:\/\/www.catalomat.ro\/blog\/wp-content\/uploads\/2019\/11\/black-friday-4645768_1280.jpg 800w, https:\/\/www.catalomat.ro\/blog\/wp-content\/uploads\/2019\/11\/black-friday-4645768_1280-300x200.jpg 300w, https:\/\/www.catalomat.ro\/blog\/wp-content\/uploads\/2019\/11\/black-friday-4645768_1280-768x512.jpg 768w\" sizes=\"auto, (max-width: 800px) 100vw, 800px\" \/><\/figure>\n\n\n\n<p>Ca s\u0103 fii sigur c\u0103 nu ratezi ofertele Emag de Black Friday, ai op\u0163iunea s\u0103 te abonezi la newsletter \u015fi vei primi ofertele dorite \u00een c\u0103su\u0163a ta de email.&nbsp;<\/p>\n\n\n\n<p>Anul acesta, reducerile de Black Friday vor fii disponibile o&nbsp;singur\u0103 zi, \u015fi anume pe data de <strong>15 Noiembrie<\/strong>. \u00cens\u0103, retailerul a&nbsp;preluat trendul de la al\u0163i competitori de a&nbsp;oferi reduceri o&nbsp;perioad\u0103 \u00eendelungat\u0103, \u015fi au introdus conceptul de Halloween 2019, o&nbsp;alt\u0103 perioad\u0103 dedicat\u0103 reducerilor \u015fi cump\u0103r\u0103turilor.&nbsp;<\/p>\n\n\n\n<h2 class=\"wp-block-heading\" id=\"nadpis3\"><strong>Ponturi de cump\u0103r\u0103turi<\/strong><\/h2>\n\n\n\n<p>Dac\u0103 a\u0163i pus ochii pe unul sau mai multe produse de la Emag, e bine s\u0103 \u015fti\u0163i c\u0103 produsele trec ca p\u00e2inea cald\u0103. Ca s\u0103 fi\u0163i siguri c\u0103 apuca\u0163i produsele mult dorite, e bine s\u0103 v\u0103 trezi\u0163i devreme \u015fi s\u0103 v\u0103 face\u0163i cump\u0103r\u0103turile. Ca un punct de referin\u0163\u0103, anul trecut magazinul a&nbsp;\u00eenregistrat 24 de v\u00e2nz\u0103ri pe secund\u0103.<\/p>\n\n\n\n<p>&nbsp;Retailerul a&nbsp;mai oferit surprize \u015fi \u00een alte edi\u0163ii, iar la unele dintre produse reducerile s-au ridicat \u015fi la 80-90 la sut\u0103.&nbsp;<\/p>\n\n\n\n<p>Reprezentan\u0163ii ne sf\u0103tuiesc s\u0103 avem instalat\u0103 cea mai nou\u0103 variant\u0103 a&nbsp;aplica\u0163iei online, pentru a&nbsp;beneficia de toate reducerile \u015fi promo\u0163iile \u015fi toate datele de livrare pentru a&nbsp;realiza comanda c\u00e2t mai rapid \u015fi pentru a&nbsp;nu rata reducerile. Interesant este c\u0103 retailerul a&nbsp;introdus o&nbsp;tax\u0103 pe plata ramburs chiar \u00eenainte de Black Friday, pentru a&nbsp;\u00eencuraja clien\u0163ii s\u0103 utilizeze cardul pentru cump\u0103r\u0103turi.&nbsp;<\/p>\n\n\n\n<p>Dup\u0103 ce ai plasat comanda, po\u0163i s\u0103 stai lini\u015ftit, deoarece produsele tale sunt rezervate.&nbsp;<\/p>\n\n\n\n<p>Ca s\u0103 \u015ftii care produse au trezit interesul cump\u0103r\u0103torilor, cifrele din 2018 ne-au ar\u0103tat o&nbsp;tendin\u0163\u0103 clar\u0103. Au fost puse \u00een v\u00e2nzare aproximativ 38.000 de televizoare, aproximativ 15.000 de laptopuri \u015fi aproximativ 36.000 de telefoane. Este clar c\u0103 ofertele de la Emag pentru electrocasnice \u015fi electronice au atras mul\u0163i clien\u0163i.&nbsp;<\/p>\n\n\n<div class=\"wp-block-image\">\n<figure class=\"aligncenter\"><img loading=\"lazy\" decoding=\"async\" width=\"1024\" height=\"724\" src=\"https:\/\/www.catalomat.ro\/blog\/wp-content\/uploads\/2019\/11\/black-friday-4490872_1920-1024x724.jpg\" alt=\"black friday\" class=\"wp-image-48\"\/><\/figure>\n<\/div>","protected":false},"excerpt":{"rendered":"<p>Black Friday Romania 2019 e aproape aici! Comercian\u0163ii \u015fi retailerii au muncit din timp pentru a&nbsp;veni cu oferte atractive pentru clien\u0163ii acestora. Edi\u0163ia din 2019 Black Friday Emag 2019 Ponturi de cump\u0103r\u0103turi Edi\u0163ia din 2019 Pentru Black Friday 2019, un<\/p>\n","protected":false},"author":1,"featured_media":65,"comment_status":"open","ping_status":"open","sticky":false,"template":"","format":"standard","meta":{"footnotes":""},"categories":[1],"tags":[],"class_list":["post-45","post","type-post","status-publish","format-standard","has-post-thumbnail","hentry","category-nezaradene"],"_wp_attachment_image_alt":null,"_thumbnail_id":"65","_yoast_wpseo_focuskw":"Black Friday 2019","_yoast_wpseo_title":null,"_yoast_wpseo_metadesc":"Black Friday 2019 e aproape aici! Comercian\u0163ii \u015fi retailerii au muncit din timp pentru a veni cu oferte atractive pentru clien\u0163ii acestora.","_yoast_wpseo_linkdex":"73","_yoast_wpseo_content_score":"90","_yoast_wpseo_estimated-reading-time-minutes":"3","_yoast_wpseo_opengraph-title":null,"_yoast_wpseo_opengraph-description":null,"_yoast_wpseo_opengraph-image":null,"_yoast_wpseo_opengraph-image-id":null,"_harikrutfiwu_url":null,"yoast_head":"<!-- This site is optimized with the Yoast SEO plugin v27.4 - https:\/\/yoast.com\/product\/yoast-seo-wordpress\/ -->\n<title>Cum va fi Emag Black Friday 2019? - Revista noastr\u0103: Sfaturi \u0219i tendin\u021be<\/title>\n<meta name=\"description\" content=\"Black Friday 2019 e aproape aici! Comercian\u0163ii \u015fi retailerii au muncit din timp pentru a veni cu oferte atractive pentru clien\u0163ii acestora.\" \/>\n<meta name=\"robots\" content=\"index, follow, max-snippet:-1, max-image-preview:large, max-video-preview:-1\" \/>\n<link rel=\"canonical\" href=\"https:\/\/www.catalomat.ro\/blog\/cum-va-fi-emag-black-friday-2019\/\" \/>\n<meta property=\"og:locale\" content=\"ro_RO\" \/>\n<meta property=\"og:type\" content=\"article\" \/>\n<meta property=\"og:title\" content=\"Cum va fi Emag Black Friday 2019? - Revista noastr\u0103: Sfaturi \u0219i tendin\u021be\" \/>\n<meta property=\"og:description\" content=\"Black Friday 2019 e aproape aici! Comercian\u0163ii \u015fi retailerii au muncit din timp pentru a veni cu oferte atractive pentru clien\u0163ii acestora.\" \/>\n<meta property=\"og:url\" content=\"https:\/\/www.catalomat.ro\/blog\/cum-va-fi-emag-black-friday-2019\/\" \/>\n<meta property=\"og:site_name\" content=\"Revista noastr\u0103: Sfaturi \u0219i tendin\u021be\" \/>\n<meta property=\"article:published_time\" content=\"2019-11-12T15:51:30+00:00\" \/>\n<meta property=\"article:modified_time\" content=\"2022-11-09T16:15:30+00:00\" \/>\n<meta property=\"og:image\" content=\"https:\/\/www.catalomat.ro\/blog\/wp-content\/uploads\/2019\/11\/black-friday-4606219_1920-1.jpg\" \/>\n\t<meta property=\"og:image:width\" content=\"1000\" \/>\n\t<meta property=\"og:image:height\" content=\"653\" \/>\n\t<meta property=\"og:image:type\" content=\"image\/jpeg\" \/>\n<meta name=\"author\" content=\"Admin\" \/>\n<meta name=\"twitter:card\" content=\"summary_large_image\" \/>\n<meta name=\"twitter:label1\" content=\"Scris de\" \/>\n\t<meta name=\"twitter:data1\" content=\"Admin\" \/>\n\t<meta name=\"twitter:label2\" content=\"Timp estimat pentru citire\" \/>\n\t<meta name=\"twitter:data2\" content=\"3 minute\" \/>\n<script type=\"application\/ld+json\" class=\"yoast-schema-graph\">{\"@context\":\"https:\\\/\\\/schema.org\",\"@graph\":[{\"@type\":\"Article\",\"@id\":\"https:\\\/\\\/www.catalomat.ro\\\/blog\\\/cum-va-fi-emag-black-friday-2019\\\/#article\",\"isPartOf\":{\"@id\":\"https:\\\/\\\/www.catalomat.ro\\\/blog\\\/cum-va-fi-emag-black-friday-2019\\\/\"},\"author\":{\"name\":\"Admin\",\"@id\":\"https:\\\/\\\/www.catalomat.ro\\\/blog\\\/#\\\/schema\\\/person\\\/98fa16cc108f9c7e5ae1b0389cd082d0\"},\"headline\":\"Cum va fi Emag Black Friday 2019?\",\"datePublished\":\"2019-11-12T15:51:30+00:00\",\"dateModified\":\"2022-11-09T16:15:30+00:00\",\"mainEntityOfPage\":{\"@id\":\"https:\\\/\\\/www.catalomat.ro\\\/blog\\\/cum-va-fi-emag-black-friday-2019\\\/\"},\"wordCount\":654,\"commentCount\":0,\"image\":{\"@id\":\"https:\\\/\\\/www.catalomat.ro\\\/blog\\\/cum-va-fi-emag-black-friday-2019\\\/#primaryimage\"},\"thumbnailUrl\":\"https:\\\/\\\/www.catalomat.ro\\\/blog\\\/wp-content\\\/uploads\\\/2019\\\/11\\\/black-friday-4606219_1920-1.jpg\",\"articleSection\":[\"Nezaraden\u00e9\"],\"inLanguage\":\"ro-RO\",\"potentialAction\":[{\"@type\":\"CommentAction\",\"name\":\"Comment\",\"target\":[\"https:\\\/\\\/www.catalomat.ro\\\/blog\\\/cum-va-fi-emag-black-friday-2019\\\/#respond\"]}]},{\"@type\":\"WebPage\",\"@id\":\"https:\\\/\\\/www.catalomat.ro\\\/blog\\\/cum-va-fi-emag-black-friday-2019\\\/\",\"url\":\"https:\\\/\\\/www.catalomat.ro\\\/blog\\\/cum-va-fi-emag-black-friday-2019\\\/\",\"name\":\"Cum va fi Emag Black Friday 2019? - Revista noastr\u0103: Sfaturi \u0219i tendin\u021be\",\"isPartOf\":{\"@id\":\"https:\\\/\\\/www.catalomat.ro\\\/blog\\\/#website\"},\"primaryImageOfPage\":{\"@id\":\"https:\\\/\\\/www.catalomat.ro\\\/blog\\\/cum-va-fi-emag-black-friday-2019\\\/#primaryimage\"},\"image\":{\"@id\":\"https:\\\/\\\/www.catalomat.ro\\\/blog\\\/cum-va-fi-emag-black-friday-2019\\\/#primaryimage\"},\"thumbnailUrl\":\"https:\\\/\\\/www.catalomat.ro\\\/blog\\\/wp-content\\\/uploads\\\/2019\\\/11\\\/black-friday-4606219_1920-1.jpg\",\"datePublished\":\"2019-11-12T15:51:30+00:00\",\"dateModified\":\"2022-11-09T16:15:30+00:00\",\"author\":{\"@id\":\"https:\\\/\\\/www.catalomat.ro\\\/blog\\\/#\\\/schema\\\/person\\\/98fa16cc108f9c7e5ae1b0389cd082d0\"},\"description\":\"Black Friday 2019 e aproape aici! Comercian\u0163ii \u015fi retailerii au muncit din timp pentru a veni cu oferte atractive pentru clien\u0163ii acestora.\",\"breadcrumb\":{\"@id\":\"https:\\\/\\\/www.catalomat.ro\\\/blog\\\/cum-va-fi-emag-black-friday-2019\\\/#breadcrumb\"},\"inLanguage\":\"ro-RO\",\"potentialAction\":[{\"@type\":\"ReadAction\",\"target\":[\"https:\\\/\\\/www.catalomat.ro\\\/blog\\\/cum-va-fi-emag-black-friday-2019\\\/\"]}]},{\"@type\":\"ImageObject\",\"inLanguage\":\"ro-RO\",\"@id\":\"https:\\\/\\\/www.catalomat.ro\\\/blog\\\/cum-va-fi-emag-black-friday-2019\\\/#primaryimage\",\"url\":\"https:\\\/\\\/www.catalomat.ro\\\/blog\\\/wp-content\\\/uploads\\\/2019\\\/11\\\/black-friday-4606219_1920-1.jpg\",\"contentUrl\":\"https:\\\/\\\/www.catalomat.ro\\\/blog\\\/wp-content\\\/uploads\\\/2019\\\/11\\\/black-friday-4606219_1920-1.jpg\",\"width\":1000,\"height\":653,\"caption\":\"black friday\"},{\"@type\":\"BreadcrumbList\",\"@id\":\"https:\\\/\\\/www.catalomat.ro\\\/blog\\\/cum-va-fi-emag-black-friday-2019\\\/#breadcrumb\",\"itemListElement\":[{\"@type\":\"ListItem\",\"position\":1,\"name\":\"Home\",\"item\":\"https:\\\/\\\/www.catalomat.ro\\\/blog\\\/\"},{\"@type\":\"ListItem\",\"position\":2,\"name\":\"Cum va fi Emag Black Friday 2019?\"}]},{\"@type\":\"WebSite\",\"@id\":\"https:\\\/\\\/www.catalomat.ro\\\/blog\\\/#website\",\"url\":\"https:\\\/\\\/www.catalomat.ro\\\/blog\\\/\",\"name\":\"Revista noastr\u0103: Sfaturi \u0219i tendin\u021be\",\"description\":\"\",\"potentialAction\":[{\"@type\":\"SearchAction\",\"target\":{\"@type\":\"EntryPoint\",\"urlTemplate\":\"https:\\\/\\\/www.catalomat.ro\\\/blog\\\/?s={search_term_string}\"},\"query-input\":{\"@type\":\"PropertyValueSpecification\",\"valueRequired\":true,\"valueName\":\"search_term_string\"}}],\"inLanguage\":\"ro-RO\"},{\"@type\":\"Person\",\"@id\":\"https:\\\/\\\/www.catalomat.ro\\\/blog\\\/#\\\/schema\\\/person\\\/98fa16cc108f9c7e5ae1b0389cd082d0\",\"name\":\"Admin\",\"image\":{\"@type\":\"ImageObject\",\"inLanguage\":\"ro-RO\",\"@id\":\"https:\\\/\\\/secure.gravatar.com\\\/avatar\\\/3666fc9db19ce4fc33d28c51484dfd47d72229b75c4b29c83340f3ed82020998?s=96&d=mm&r=g\",\"url\":\"https:\\\/\\\/secure.gravatar.com\\\/avatar\\\/3666fc9db19ce4fc33d28c51484dfd47d72229b75c4b29c83340f3ed82020998?s=96&d=mm&r=g\",\"contentUrl\":\"https:\\\/\\\/secure.gravatar.com\\\/avatar\\\/3666fc9db19ce4fc33d28c51484dfd47d72229b75c4b29c83340f3ed82020998?s=96&d=mm&r=g\",\"caption\":\"Admin\"},\"url\":\"https:\\\/\\\/www.catalomat.ro\\\/blog\\\/author\\\/admin\\\/\"}]}<\/script>\n<!-- \/ Yoast SEO plugin. -->","yoast_head_json":{"title":"Cum va fi Emag Black Friday 2019? - Revista noastr\u0103: Sfaturi \u0219i tendin\u021be","description":"Black Friday 2019 e aproape aici! Comercian\u0163ii \u015fi retailerii au muncit din timp pentru a veni cu oferte atractive pentru clien\u0163ii acestora.","robots":{"index":"index","follow":"follow","max-snippet":"max-snippet:-1","max-image-preview":"max-image-preview:large","max-video-preview":"max-video-preview:-1"},"canonical":"https:\/\/www.catalomat.ro\/blog\/cum-va-fi-emag-black-friday-2019\/","og_locale":"ro_RO","og_type":"article","og_title":"Cum va fi Emag Black Friday 2019? - Revista noastr\u0103: Sfaturi \u0219i tendin\u021be","og_description":"Black Friday 2019 e aproape aici! Comercian\u0163ii \u015fi retailerii au muncit din timp pentru a veni cu oferte atractive pentru clien\u0163ii acestora.","og_url":"https:\/\/www.catalomat.ro\/blog\/cum-va-fi-emag-black-friday-2019\/","og_site_name":"Revista noastr\u0103: Sfaturi \u0219i tendin\u021be","article_published_time":"2019-11-12T15:51:30+00:00","article_modified_time":"2022-11-09T16:15:30+00:00","og_image":[{"width":1000,"height":653,"url":"https:\/\/www.catalomat.ro\/blog\/wp-content\/uploads\/2019\/11\/black-friday-4606219_1920-1.jpg","type":"image\/jpeg"}],"author":"Admin","twitter_card":"summary_large_image","twitter_misc":{"Scris de":"Admin","Timp estimat pentru citire":"3 minute"},"schema":{"@context":"https:\/\/schema.org","@graph":[{"@type":"Article","@id":"https:\/\/www.catalomat.ro\/blog\/cum-va-fi-emag-black-friday-2019\/#article","isPartOf":{"@id":"https:\/\/www.catalomat.ro\/blog\/cum-va-fi-emag-black-friday-2019\/"},"author":{"name":"Admin","@id":"https:\/\/www.catalomat.ro\/blog\/#\/schema\/person\/98fa16cc108f9c7e5ae1b0389cd082d0"},"headline":"Cum va fi Emag Black Friday 2019?","datePublished":"2019-11-12T15:51:30+00:00","dateModified":"2022-11-09T16:15:30+00:00","mainEntityOfPage":{"@id":"https:\/\/www.catalomat.ro\/blog\/cum-va-fi-emag-black-friday-2019\/"},"wordCount":654,"commentCount":0,"image":{"@id":"https:\/\/www.catalomat.ro\/blog\/cum-va-fi-emag-black-friday-2019\/#primaryimage"},"thumbnailUrl":"https:\/\/www.catalomat.ro\/blog\/wp-content\/uploads\/2019\/11\/black-friday-4606219_1920-1.jpg","articleSection":["Nezaraden\u00e9"],"inLanguage":"ro-RO","potentialAction":[{"@type":"CommentAction","name":"Comment","target":["https:\/\/www.catalomat.ro\/blog\/cum-va-fi-emag-black-friday-2019\/#respond"]}]},{"@type":"WebPage","@id":"https:\/\/www.catalomat.ro\/blog\/cum-va-fi-emag-black-friday-2019\/","url":"https:\/\/www.catalomat.ro\/blog\/cum-va-fi-emag-black-friday-2019\/","name":"Cum va fi Emag Black Friday 2019? - Revista noastr\u0103: Sfaturi \u0219i tendin\u021be","isPartOf":{"@id":"https:\/\/www.catalomat.ro\/blog\/#website"},"primaryImageOfPage":{"@id":"https:\/\/www.catalomat.ro\/blog\/cum-va-fi-emag-black-friday-2019\/#primaryimage"},"image":{"@id":"https:\/\/www.catalomat.ro\/blog\/cum-va-fi-emag-black-friday-2019\/#primaryimage"},"thumbnailUrl":"https:\/\/www.catalomat.ro\/blog\/wp-content\/uploads\/2019\/11\/black-friday-4606219_1920-1.jpg","datePublished":"2019-11-12T15:51:30+00:00","dateModified":"2022-11-09T16:15:30+00:00","author":{"@id":"https:\/\/www.catalomat.ro\/blog\/#\/schema\/person\/98fa16cc108f9c7e5ae1b0389cd082d0"},"description":"Black Friday 2019 e aproape aici! Comercian\u0163ii \u015fi retailerii au muncit din timp pentru a veni cu oferte atractive pentru clien\u0163ii acestora.","breadcrumb":{"@id":"https:\/\/www.catalomat.ro\/blog\/cum-va-fi-emag-black-friday-2019\/#breadcrumb"},"inLanguage":"ro-RO","potentialAction":[{"@type":"ReadAction","target":["https:\/\/www.catalomat.ro\/blog\/cum-va-fi-emag-black-friday-2019\/"]}]},{"@type":"ImageObject","inLanguage":"ro-RO","@id":"https:\/\/www.catalomat.ro\/blog\/cum-va-fi-emag-black-friday-2019\/#primaryimage","url":"https:\/\/www.catalomat.ro\/blog\/wp-content\/uploads\/2019\/11\/black-friday-4606219_1920-1.jpg","contentUrl":"https:\/\/www.catalomat.ro\/blog\/wp-content\/uploads\/2019\/11\/black-friday-4606219_1920-1.jpg","width":1000,"height":653,"caption":"black friday"},{"@type":"BreadcrumbList","@id":"https:\/\/www.catalomat.ro\/blog\/cum-va-fi-emag-black-friday-2019\/#breadcrumb","itemListElement":[{"@type":"ListItem","position":1,"name":"Home","item":"https:\/\/www.catalomat.ro\/blog\/"},{"@type":"ListItem","position":2,"name":"Cum va fi Emag Black Friday 2019?"}]},{"@type":"WebSite","@id":"https:\/\/www.catalomat.ro\/blog\/#website","url":"https:\/\/www.catalomat.ro\/blog\/","name":"Revista noastr\u0103: Sfaturi \u0219i tendin\u021be","description":"","potentialAction":[{"@type":"SearchAction","target":{"@type":"EntryPoint","urlTemplate":"https:\/\/www.catalomat.ro\/blog\/?s={search_term_string}"},"query-input":{"@type":"PropertyValueSpecification","valueRequired":true,"valueName":"search_term_string"}}],"inLanguage":"ro-RO"},{"@type":"Person","@id":"https:\/\/www.catalomat.ro\/blog\/#\/schema\/person\/98fa16cc108f9c7e5ae1b0389cd082d0","name":"Admin","image":{"@type":"ImageObject","inLanguage":"ro-RO","@id":"https:\/\/secure.gravatar.com\/avatar\/3666fc9db19ce4fc33d28c51484dfd47d72229b75c4b29c83340f3ed82020998?s=96&d=mm&r=g","url":"https:\/\/secure.gravatar.com\/avatar\/3666fc9db19ce4fc33d28c51484dfd47d72229b75c4b29c83340f3ed82020998?s=96&d=mm&r=g","contentUrl":"https:\/\/secure.gravatar.com\/avatar\/3666fc9db19ce4fc33d28c51484dfd47d72229b75c4b29c83340f3ed82020998?s=96&d=mm&r=g","caption":"Admin"},"url":"https:\/\/www.catalomat.ro\/blog\/author\/admin\/"}]}},"_links":{"self":[{"href":"https:\/\/www.catalomat.ro\/blog\/wp-json\/wp\/v2\/posts\/45","targetHints":{"allow":["GET"]}}],"collection":[{"href":"https:\/\/www.catalomat.ro\/blog\/wp-json\/wp\/v2\/posts"}],"about":[{"href":"https:\/\/www.catalomat.ro\/blog\/wp-json\/wp\/v2\/types\/post"}],"author":[{"embeddable":true,"href":"https:\/\/www.catalomat.ro\/blog\/wp-json\/wp\/v2\/users\/1"}],"replies":[{"embeddable":true,"href":"https:\/\/www.catalomat.ro\/blog\/wp-json\/wp\/v2\/comments?post=45"}],"version-history":[{"count":5,"href":"https:\/\/www.catalomat.ro\/blog\/wp-json\/wp\/v2\/posts\/45\/revisions"}],"predecessor-version":[{"id":119,"href":"https:\/\/www.catalomat.ro\/blog\/wp-json\/wp\/v2\/posts\/45\/revisions\/119"}],"wp:featuredmedia":[{"embeddable":true,"href":"https:\/\/www.catalomat.ro\/blog\/wp-json\/wp\/v2\/media\/65"}],"wp:attachment":[{"href":"https:\/\/www.catalomat.ro\/blog\/wp-json\/wp\/v2\/media?parent=45"}],"wp:term":[{"taxonomy":"category","embeddable":true,"href":"https:\/\/www.catalomat.ro\/blog\/wp-json\/wp\/v2\/categories?post=45"},{"taxonomy":"post_tag","embeddable":true,"href":"https:\/\/www.catalomat.ro\/blog\/wp-json\/wp\/v2\/tags?post=45"}],"curies":[{"name":"wp","href":"https:\/\/api.w.org\/{rel}","templated":true}]}}