{"id":31,"date":"2019-10-31T14:19:26","date_gmt":"2019-10-31T12:19:26","guid":{"rendered":"https:\/\/www.catalomat.ro\/blog\/?p=31"},"modified":"2022-11-09T18:12:32","modified_gmt":"2022-11-09T16:12:32","slug":"black-friday-cum-s-a-desfasurat-ziua-reducerilor-in-2018","status":"publish","type":"post","link":"https:\/\/www.catalomat.ro\/blog\/black-friday-cum-s-a-desfasurat-ziua-reducerilor-in-2018\/","title":{"rendered":"Black Friday \u2013 cum s-a desf\u0103\u015furat ziua reducerilor \u00een 2018?"},"content":{"rendered":"\n<p>Evenimentul Black Friday Rom\u00e2nia 2019 se apropie cu pa\u015fi repezi. Cu siguran\u0163\u0103 \u0163i-ai f\u0103cut deja un plan \u015fi o list\u0103 cu produsele pe care vrei s\u0103 le prinzi la un pre\u0163 foarte bun. Ai urm\u0103rit deja care sunt magazinele care particip\u0103 \u015fi le cuno\u015fti bine ofertele.&nbsp;<\/p>\n\n\n\n<p><a href=\"https:\/\/www.catalomat.ro\/black-friday\">Black Friday<\/a> 2019 se refer\u0103 at\u00e2t la v\u00e2nz\u0103rile din mediul online, c\u00e2t \u015fi la cump\u0103r\u0103turile realizate \u00een magazinele din proximitatea ta.&nbsp;<\/p>\n\n\n\n<ul class=\"wp-block-list\"><li><strong><a href=\"#nadpis1\">Care au fost cifrele \u00een 2018?<\/a><\/strong><\/li><li><strong><a href=\"#nadpis2\">Ce au oferit retailerii \u00een 2018?<\/a><\/strong><\/li><li><strong><a href=\"#nadpis3\">Ce aduce 2019?<\/a><\/strong><\/li><\/ul>\n\n\n\n<h2 class=\"wp-block-heading\" id=\"nadpis1\"><strong>Care au fost cifrele \u00een 2018?<\/strong><\/h2>\n\n\n\n<p>Persoanele intervievate \u00een 2018, au r\u0103spund cu o pondere de 96% c\u0103 \u015ftiu ce este Black Friday. Ceea ce demonstreaz\u0103 succesul de care s-a bucurat acest eveniment \u015fi importan\u0163a pe care i-o ofer\u0103 rom\u00e2nii.&nbsp;<\/p>\n\n\n\n<p>Cheltuielile realizate cu aceast\u0103 ocazie s-au ridicat la 33,6 milioane de euro ( aici \u00eentr\u00e2nd \u00een calcul doar pl\u0103\u0163ile realizate cu cardul). \u00cens\u0103, plata cu ramburs este o metod\u0103 preferat\u0103 de c\u0103tre clien\u0163ii rom\u00e2ni. Suma final\u0103 \u00eenseamn\u0103 c\u0103 este mult mai mare. Black Friday <a href=\"https:\/\/www.catalomat.ro\/emag\/\">Emag<\/a> a fost \u015fi r\u0103m\u00e2ne lider pe pia\u0163\u0103.<\/p>\n\n\n<div class=\"wp-block-image\">\n<figure class=\"aligncenter is-resized\"><img loading=\"lazy\" decoding=\"async\" src=\"https:\/\/www.catalomat.ro\/blog\/wp-content\/uploads\/2019\/10\/shopping-cart-4516039_1920-1024x769.jpg\" alt=\"black friday\" class=\"wp-image-33\" width=\"600\" height=\"450\"\/><\/figure>\n<\/div>\n\n\n<p>Rom\u00e2nii au apelat la tehnologie pentru a prinde ofertele. 56% din clien\u0163ii ofertelor Black Friday \u015fi-au realizat cump\u0103r\u0103turile de pe telefon, ceea ce arat\u0103 o mobilitate crescut\u0103. 7 din 10 rom\u00e2ni s-au declarat interesa\u0163i s\u0103 participe la v\u00e2n\u0103toarea de reduceri.&nbsp;<\/p>\n\n\n\n<h2 class=\"wp-block-heading\" id=\"nadpis2\"><strong>Ce au oferit retailerii \u00een 2018?<\/strong><\/h2>\n\n\n\n<p>Reducerile de Black Friday au crescut de la an la an, \u00een 2018 ajung\u00e2nd la 54 %. Acest rezultat a dep\u0103\u015fit \u00eens\u0103 a\u015ftept\u0103rile consumatorilor, care aproximau o reducere de 43 la sut\u0103.<\/p>\n\n\n\n<p>&nbsp;Un aspect diferit a fost legat de lungimea evenimentului. Black Friday are loc, \u00een mod tradi\u0163ional intro singur\u0103 zi. \u00cens\u0103, nu la fel s-a \u00eent\u00e2mplat \u00een Rom\u00e2nia \u00een 2018. Mai mul\u0163i retaileri au dat startul cump\u0103r\u0103turilor mai devreme, \u00eencep\u00e2nd cu 1 Noiembrie.<\/p>\n\n\n\n<p><a href=\"https:\/\/www.catalomat.ro\/altex\/\">Altex<\/a>&nbsp; Black Friday a redenumit evenimentul \u201eBlec Fraidei\u201d f\u0103c\u00e2nd aluzie la pronun\u0163ia \u00een limba rom\u00e2na a evenimentului. <a href=\"https:\/\/www.catalomat.ro\/media-galaxy\/\">Media Galaxy<\/a> Black Friday a mers \u00eentro alt\u0103 direc\u0163ie, venind cu denumirea \u201e Cel mai mare Black Friday ever\u201d. Ambele magazine au oferit reduceri clien\u0163ilor pe o perioad\u0103 extins\u0103 de timp, din 1 Noiembrie p\u00e2n\u0103 pe 5 Decembrie.<\/p>\n\n\n\n<p>Surpriza cea mai mare a oferito \u00eens\u00e2 <a href=\"https:\/\/www.catalomat.ro\/flanco\/\">Flanco<\/a>, unde au oferit reduceri \u00een perioada 26 Octombrie-19 Noiembrie.<\/p>\n\n\n\n<p>\u00cen 2018 a fost mai profitabil s\u0103 realizez cump\u0103r\u0103turile online. Platformele de cump\u0103r\u0103turi au oferit reduceri nete mult mai semnificative dec\u00e2t magazinele locale, unde reducerile au fost modice ( cu pan\u0103 la 10% mai mici dec\u00e2t a\u015ftept\u0103rile clien\u0163ilor.)<\/p>\n\n\n\n<h2 class=\"wp-block-heading\" id=\"nadpis3\"><strong>Ce aduce 2019?<\/strong><\/h2>\n\n\n\n<p>Deja magazinele sunt \u00een toiul preg\u0103tirilor cu reduceri atractive. Doar Emag de exemplu, a preg\u0103tit peste 3.000.000 de produse pentru aceast\u0103 edi\u0163ii.<\/p>\n\n\n\n<p>Pentru pasiona\u0163ii de cump\u0103r\u0103turi, e bine s\u0103 \u015fti\u0163i c\u0103 retailerii online fac publice listele cu produsele care intr\u0103 \u00een acest eveniment la reducere cu pu\u0163in timp \u00eenainte de acesta. Astfel, v\u0103 pute\u0163i realiza un buget realist din timp, pornind de la cifre actuale. Reducerile \u015fi produsele la promo\u0163ie difer\u0103 de la an la an, \u015fi de la retailer la retailer. Pute\u0163i s\u0103 compara\u0163i reducerile oferite \u00een timp scurt, aleg\u00e2nd cea mai bun\u0103 ofert\u0103.&nbsp;<\/p>\n\n\n\n<p>P\u00e2n\u0103 la urm\u0103, asta ne dorim cu to\u0163ii. S\u0103 lu\u0103m cele mai bune decizii la cump\u0103r\u0103turi. S\u0103 achizi\u0163ion\u0103m produsele dorite \u015fi s\u0103 \u015fi economisim. De aceea Black Friday s-a bucurat de un real succes \u015fi cre\u015fte ca importan\u0163\u0103 \u00een fiecare an.&nbsp;<br><\/p>\n","protected":false},"excerpt":{"rendered":"<p>Evenimentul Black Friday Rom\u00e2nia 2019 se apropie cu pa\u015fi repezi. Cu siguran\u0163\u0103 \u0163i-ai f\u0103cut deja un plan \u015fi o list\u0103 cu produsele pe care vrei s\u0103 le prinzi la un pre\u0163 foarte bun. Ai urm\u0103rit deja care sunt magazinele care<\/p>\n","protected":false},"author":1,"featured_media":57,"comment_status":"open","ping_status":"open","sticky":false,"template":"","format":"standard","meta":{"footnotes":""},"categories":[1],"tags":[],"class_list":["post-31","post","type-post","status-publish","format-standard","has-post-thumbnail","hentry","category-nezaradene"],"_wp_attachment_image_alt":null,"_thumbnail_id":"57","_yoast_wpseo_focuskw":"Black Friday","_yoast_wpseo_title":null,"_yoast_wpseo_metadesc":"Evenimentul Black Friday Rom\u00e2nia 2019 se apropie cu pa\u015fi repezi. Ai urm\u0103rit deja care sunt magazinele care particip\u0103 \u015fi le cuno\u015fti bine ofertele.","_yoast_wpseo_linkdex":"70","_yoast_wpseo_content_score":"90","_yoast_wpseo_estimated-reading-time-minutes":"3","_yoast_wpseo_opengraph-title":null,"_yoast_wpseo_opengraph-description":null,"_yoast_wpseo_opengraph-image":null,"_yoast_wpseo_opengraph-image-id":null,"_harikrutfiwu_url":null,"yoast_head":"<!-- This site is optimized with the Yoast SEO plugin v27.4 - https:\/\/yoast.com\/product\/yoast-seo-wordpress\/ -->\n<title>Black Friday \u2013 cum s-a desf\u0103\u015furat ziua reducerilor \u00een 2018? - Revista noastr\u0103: Sfaturi \u0219i tendin\u021be<\/title>\n<meta name=\"description\" content=\"Evenimentul Black Friday Rom\u00e2nia 2019 se apropie cu pa\u015fi repezi. Ai urm\u0103rit deja care sunt magazinele care particip\u0103 \u015fi le cuno\u015fti bine ofertele.\" \/>\n<meta name=\"robots\" content=\"index, follow, max-snippet:-1, max-image-preview:large, max-video-preview:-1\" \/>\n<link rel=\"canonical\" href=\"https:\/\/www.catalomat.ro\/blog\/black-friday-cum-s-a-desfasurat-ziua-reducerilor-in-2018\/\" \/>\n<meta property=\"og:locale\" content=\"ro_RO\" \/>\n<meta property=\"og:type\" content=\"article\" \/>\n<meta property=\"og:title\" content=\"Black Friday \u2013 cum s-a desf\u0103\u015furat ziua reducerilor \u00een 2018? - Revista noastr\u0103: Sfaturi \u0219i tendin\u021be\" \/>\n<meta property=\"og:description\" content=\"Evenimentul Black Friday Rom\u00e2nia 2019 se apropie cu pa\u015fi repezi. Ai urm\u0103rit deja care sunt magazinele care particip\u0103 \u015fi le cuno\u015fti bine ofertele.\" \/>\n<meta property=\"og:url\" content=\"https:\/\/www.catalomat.ro\/blog\/black-friday-cum-s-a-desfasurat-ziua-reducerilor-in-2018\/\" \/>\n<meta property=\"og:site_name\" content=\"Revista noastr\u0103: Sfaturi \u0219i tendin\u021be\" \/>\n<meta property=\"article:published_time\" content=\"2019-10-31T12:19:26+00:00\" \/>\n<meta property=\"article:modified_time\" content=\"2022-11-09T16:12:32+00:00\" \/>\n<meta property=\"og:image\" content=\"https:\/\/www.catalomat.ro\/blog\/wp-content\/uploads\/2019\/10\/black-1271449.jpg\" \/>\n\t<meta property=\"og:image:width\" content=\"1000\" \/>\n\t<meta property=\"og:image:height\" content=\"563\" \/>\n\t<meta property=\"og:image:type\" content=\"image\/jpeg\" \/>\n<meta name=\"author\" content=\"Admin\" \/>\n<meta name=\"twitter:card\" content=\"summary_large_image\" \/>\n<meta name=\"twitter:label1\" content=\"Scris de\" \/>\n\t<meta name=\"twitter:data1\" content=\"Admin\" \/>\n\t<meta name=\"twitter:label2\" content=\"Timp estimat pentru citire\" \/>\n\t<meta name=\"twitter:data2\" content=\"3 minute\" \/>\n<script type=\"application\/ld+json\" class=\"yoast-schema-graph\">{\"@context\":\"https:\\\/\\\/schema.org\",\"@graph\":[{\"@type\":\"Article\",\"@id\":\"https:\\\/\\\/www.catalomat.ro\\\/blog\\\/black-friday-cum-s-a-desfasurat-ziua-reducerilor-in-2018\\\/#article\",\"isPartOf\":{\"@id\":\"https:\\\/\\\/www.catalomat.ro\\\/blog\\\/black-friday-cum-s-a-desfasurat-ziua-reducerilor-in-2018\\\/\"},\"author\":{\"name\":\"Admin\",\"@id\":\"https:\\\/\\\/www.catalomat.ro\\\/blog\\\/#\\\/schema\\\/person\\\/98fa16cc108f9c7e5ae1b0389cd082d0\"},\"headline\":\"Black Friday \u2013 cum s-a desf\u0103\u015furat ziua reducerilor \u00een 2018?\",\"datePublished\":\"2019-10-31T12:19:26+00:00\",\"dateModified\":\"2022-11-09T16:12:32+00:00\",\"mainEntityOfPage\":{\"@id\":\"https:\\\/\\\/www.catalomat.ro\\\/blog\\\/black-friday-cum-s-a-desfasurat-ziua-reducerilor-in-2018\\\/\"},\"wordCount\":608,\"commentCount\":0,\"image\":{\"@id\":\"https:\\\/\\\/www.catalomat.ro\\\/blog\\\/black-friday-cum-s-a-desfasurat-ziua-reducerilor-in-2018\\\/#primaryimage\"},\"thumbnailUrl\":\"https:\\\/\\\/www.catalomat.ro\\\/blog\\\/wp-content\\\/uploads\\\/2019\\\/10\\\/black-1271449.jpg\",\"articleSection\":[\"Nezaraden\u00e9\"],\"inLanguage\":\"ro-RO\",\"potentialAction\":[{\"@type\":\"CommentAction\",\"name\":\"Comment\",\"target\":[\"https:\\\/\\\/www.catalomat.ro\\\/blog\\\/black-friday-cum-s-a-desfasurat-ziua-reducerilor-in-2018\\\/#respond\"]}]},{\"@type\":\"WebPage\",\"@id\":\"https:\\\/\\\/www.catalomat.ro\\\/blog\\\/black-friday-cum-s-a-desfasurat-ziua-reducerilor-in-2018\\\/\",\"url\":\"https:\\\/\\\/www.catalomat.ro\\\/blog\\\/black-friday-cum-s-a-desfasurat-ziua-reducerilor-in-2018\\\/\",\"name\":\"Black Friday \u2013 cum s-a desf\u0103\u015furat ziua reducerilor \u00een 2018? - Revista noastr\u0103: Sfaturi \u0219i tendin\u021be\",\"isPartOf\":{\"@id\":\"https:\\\/\\\/www.catalomat.ro\\\/blog\\\/#website\"},\"primaryImageOfPage\":{\"@id\":\"https:\\\/\\\/www.catalomat.ro\\\/blog\\\/black-friday-cum-s-a-desfasurat-ziua-reducerilor-in-2018\\\/#primaryimage\"},\"image\":{\"@id\":\"https:\\\/\\\/www.catalomat.ro\\\/blog\\\/black-friday-cum-s-a-desfasurat-ziua-reducerilor-in-2018\\\/#primaryimage\"},\"thumbnailUrl\":\"https:\\\/\\\/www.catalomat.ro\\\/blog\\\/wp-content\\\/uploads\\\/2019\\\/10\\\/black-1271449.jpg\",\"datePublished\":\"2019-10-31T12:19:26+00:00\",\"dateModified\":\"2022-11-09T16:12:32+00:00\",\"author\":{\"@id\":\"https:\\\/\\\/www.catalomat.ro\\\/blog\\\/#\\\/schema\\\/person\\\/98fa16cc108f9c7e5ae1b0389cd082d0\"},\"description\":\"Evenimentul Black Friday Rom\u00e2nia 2019 se apropie cu pa\u015fi repezi. Ai urm\u0103rit deja care sunt magazinele care particip\u0103 \u015fi le cuno\u015fti bine ofertele.\",\"breadcrumb\":{\"@id\":\"https:\\\/\\\/www.catalomat.ro\\\/blog\\\/black-friday-cum-s-a-desfasurat-ziua-reducerilor-in-2018\\\/#breadcrumb\"},\"inLanguage\":\"ro-RO\",\"potentialAction\":[{\"@type\":\"ReadAction\",\"target\":[\"https:\\\/\\\/www.catalomat.ro\\\/blog\\\/black-friday-cum-s-a-desfasurat-ziua-reducerilor-in-2018\\\/\"]}]},{\"@type\":\"ImageObject\",\"inLanguage\":\"ro-RO\",\"@id\":\"https:\\\/\\\/www.catalomat.ro\\\/blog\\\/black-friday-cum-s-a-desfasurat-ziua-reducerilor-in-2018\\\/#primaryimage\",\"url\":\"https:\\\/\\\/www.catalomat.ro\\\/blog\\\/wp-content\\\/uploads\\\/2019\\\/10\\\/black-1271449.jpg\",\"contentUrl\":\"https:\\\/\\\/www.catalomat.ro\\\/blog\\\/wp-content\\\/uploads\\\/2019\\\/10\\\/black-1271449.jpg\",\"width\":1000,\"height\":563,\"caption\":\"black friday\"},{\"@type\":\"BreadcrumbList\",\"@id\":\"https:\\\/\\\/www.catalomat.ro\\\/blog\\\/black-friday-cum-s-a-desfasurat-ziua-reducerilor-in-2018\\\/#breadcrumb\",\"itemListElement\":[{\"@type\":\"ListItem\",\"position\":1,\"name\":\"Home\",\"item\":\"https:\\\/\\\/www.catalomat.ro\\\/blog\\\/\"},{\"@type\":\"ListItem\",\"position\":2,\"name\":\"Black Friday \u2013 cum s-a desf\u0103\u015furat ziua reducerilor \u00een 2018?\"}]},{\"@type\":\"WebSite\",\"@id\":\"https:\\\/\\\/www.catalomat.ro\\\/blog\\\/#website\",\"url\":\"https:\\\/\\\/www.catalomat.ro\\\/blog\\\/\",\"name\":\"Revista noastr\u0103: Sfaturi \u0219i tendin\u021be\",\"description\":\"\",\"potentialAction\":[{\"@type\":\"SearchAction\",\"target\":{\"@type\":\"EntryPoint\",\"urlTemplate\":\"https:\\\/\\\/www.catalomat.ro\\\/blog\\\/?s={search_term_string}\"},\"query-input\":{\"@type\":\"PropertyValueSpecification\",\"valueRequired\":true,\"valueName\":\"search_term_string\"}}],\"inLanguage\":\"ro-RO\"},{\"@type\":\"Person\",\"@id\":\"https:\\\/\\\/www.catalomat.ro\\\/blog\\\/#\\\/schema\\\/person\\\/98fa16cc108f9c7e5ae1b0389cd082d0\",\"name\":\"Admin\",\"image\":{\"@type\":\"ImageObject\",\"inLanguage\":\"ro-RO\",\"@id\":\"https:\\\/\\\/secure.gravatar.com\\\/avatar\\\/3666fc9db19ce4fc33d28c51484dfd47d72229b75c4b29c83340f3ed82020998?s=96&d=mm&r=g\",\"url\":\"https:\\\/\\\/secure.gravatar.com\\\/avatar\\\/3666fc9db19ce4fc33d28c51484dfd47d72229b75c4b29c83340f3ed82020998?s=96&d=mm&r=g\",\"contentUrl\":\"https:\\\/\\\/secure.gravatar.com\\\/avatar\\\/3666fc9db19ce4fc33d28c51484dfd47d72229b75c4b29c83340f3ed82020998?s=96&d=mm&r=g\",\"caption\":\"Admin\"},\"url\":\"https:\\\/\\\/www.catalomat.ro\\\/blog\\\/author\\\/admin\\\/\"}]}<\/script>\n<!-- \/ Yoast SEO plugin. -->","yoast_head_json":{"title":"Black Friday \u2013 cum s-a desf\u0103\u015furat ziua reducerilor \u00een 2018? - Revista noastr\u0103: Sfaturi \u0219i tendin\u021be","description":"Evenimentul Black Friday Rom\u00e2nia 2019 se apropie cu pa\u015fi repezi. Ai urm\u0103rit deja care sunt magazinele care particip\u0103 \u015fi le cuno\u015fti bine ofertele.","robots":{"index":"index","follow":"follow","max-snippet":"max-snippet:-1","max-image-preview":"max-image-preview:large","max-video-preview":"max-video-preview:-1"},"canonical":"https:\/\/www.catalomat.ro\/blog\/black-friday-cum-s-a-desfasurat-ziua-reducerilor-in-2018\/","og_locale":"ro_RO","og_type":"article","og_title":"Black Friday \u2013 cum s-a desf\u0103\u015furat ziua reducerilor \u00een 2018? - Revista noastr\u0103: Sfaturi \u0219i tendin\u021be","og_description":"Evenimentul Black Friday Rom\u00e2nia 2019 se apropie cu pa\u015fi repezi. Ai urm\u0103rit deja care sunt magazinele care particip\u0103 \u015fi le cuno\u015fti bine ofertele.","og_url":"https:\/\/www.catalomat.ro\/blog\/black-friday-cum-s-a-desfasurat-ziua-reducerilor-in-2018\/","og_site_name":"Revista noastr\u0103: Sfaturi \u0219i tendin\u021be","article_published_time":"2019-10-31T12:19:26+00:00","article_modified_time":"2022-11-09T16:12:32+00:00","og_image":[{"width":1000,"height":563,"url":"https:\/\/www.catalomat.ro\/blog\/wp-content\/uploads\/2019\/10\/black-1271449.jpg","type":"image\/jpeg"}],"author":"Admin","twitter_card":"summary_large_image","twitter_misc":{"Scris de":"Admin","Timp estimat pentru citire":"3 minute"},"schema":{"@context":"https:\/\/schema.org","@graph":[{"@type":"Article","@id":"https:\/\/www.catalomat.ro\/blog\/black-friday-cum-s-a-desfasurat-ziua-reducerilor-in-2018\/#article","isPartOf":{"@id":"https:\/\/www.catalomat.ro\/blog\/black-friday-cum-s-a-desfasurat-ziua-reducerilor-in-2018\/"},"author":{"name":"Admin","@id":"https:\/\/www.catalomat.ro\/blog\/#\/schema\/person\/98fa16cc108f9c7e5ae1b0389cd082d0"},"headline":"Black Friday \u2013 cum s-a desf\u0103\u015furat ziua reducerilor \u00een 2018?","datePublished":"2019-10-31T12:19:26+00:00","dateModified":"2022-11-09T16:12:32+00:00","mainEntityOfPage":{"@id":"https:\/\/www.catalomat.ro\/blog\/black-friday-cum-s-a-desfasurat-ziua-reducerilor-in-2018\/"},"wordCount":608,"commentCount":0,"image":{"@id":"https:\/\/www.catalomat.ro\/blog\/black-friday-cum-s-a-desfasurat-ziua-reducerilor-in-2018\/#primaryimage"},"thumbnailUrl":"https:\/\/www.catalomat.ro\/blog\/wp-content\/uploads\/2019\/10\/black-1271449.jpg","articleSection":["Nezaraden\u00e9"],"inLanguage":"ro-RO","potentialAction":[{"@type":"CommentAction","name":"Comment","target":["https:\/\/www.catalomat.ro\/blog\/black-friday-cum-s-a-desfasurat-ziua-reducerilor-in-2018\/#respond"]}]},{"@type":"WebPage","@id":"https:\/\/www.catalomat.ro\/blog\/black-friday-cum-s-a-desfasurat-ziua-reducerilor-in-2018\/","url":"https:\/\/www.catalomat.ro\/blog\/black-friday-cum-s-a-desfasurat-ziua-reducerilor-in-2018\/","name":"Black Friday \u2013 cum s-a desf\u0103\u015furat ziua reducerilor \u00een 2018? - Revista noastr\u0103: Sfaturi \u0219i tendin\u021be","isPartOf":{"@id":"https:\/\/www.catalomat.ro\/blog\/#website"},"primaryImageOfPage":{"@id":"https:\/\/www.catalomat.ro\/blog\/black-friday-cum-s-a-desfasurat-ziua-reducerilor-in-2018\/#primaryimage"},"image":{"@id":"https:\/\/www.catalomat.ro\/blog\/black-friday-cum-s-a-desfasurat-ziua-reducerilor-in-2018\/#primaryimage"},"thumbnailUrl":"https:\/\/www.catalomat.ro\/blog\/wp-content\/uploads\/2019\/10\/black-1271449.jpg","datePublished":"2019-10-31T12:19:26+00:00","dateModified":"2022-11-09T16:12:32+00:00","author":{"@id":"https:\/\/www.catalomat.ro\/blog\/#\/schema\/person\/98fa16cc108f9c7e5ae1b0389cd082d0"},"description":"Evenimentul Black Friday Rom\u00e2nia 2019 se apropie cu pa\u015fi repezi. Ai urm\u0103rit deja care sunt magazinele care particip\u0103 \u015fi le cuno\u015fti bine ofertele.","breadcrumb":{"@id":"https:\/\/www.catalomat.ro\/blog\/black-friday-cum-s-a-desfasurat-ziua-reducerilor-in-2018\/#breadcrumb"},"inLanguage":"ro-RO","potentialAction":[{"@type":"ReadAction","target":["https:\/\/www.catalomat.ro\/blog\/black-friday-cum-s-a-desfasurat-ziua-reducerilor-in-2018\/"]}]},{"@type":"ImageObject","inLanguage":"ro-RO","@id":"https:\/\/www.catalomat.ro\/blog\/black-friday-cum-s-a-desfasurat-ziua-reducerilor-in-2018\/#primaryimage","url":"https:\/\/www.catalomat.ro\/blog\/wp-content\/uploads\/2019\/10\/black-1271449.jpg","contentUrl":"https:\/\/www.catalomat.ro\/blog\/wp-content\/uploads\/2019\/10\/black-1271449.jpg","width":1000,"height":563,"caption":"black friday"},{"@type":"BreadcrumbList","@id":"https:\/\/www.catalomat.ro\/blog\/black-friday-cum-s-a-desfasurat-ziua-reducerilor-in-2018\/#breadcrumb","itemListElement":[{"@type":"ListItem","position":1,"name":"Home","item":"https:\/\/www.catalomat.ro\/blog\/"},{"@type":"ListItem","position":2,"name":"Black Friday \u2013 cum s-a desf\u0103\u015furat ziua reducerilor \u00een 2018?"}]},{"@type":"WebSite","@id":"https:\/\/www.catalomat.ro\/blog\/#website","url":"https:\/\/www.catalomat.ro\/blog\/","name":"Revista noastr\u0103: Sfaturi \u0219i tendin\u021be","description":"","potentialAction":[{"@type":"SearchAction","target":{"@type":"EntryPoint","urlTemplate":"https:\/\/www.catalomat.ro\/blog\/?s={search_term_string}"},"query-input":{"@type":"PropertyValueSpecification","valueRequired":true,"valueName":"search_term_string"}}],"inLanguage":"ro-RO"},{"@type":"Person","@id":"https:\/\/www.catalomat.ro\/blog\/#\/schema\/person\/98fa16cc108f9c7e5ae1b0389cd082d0","name":"Admin","image":{"@type":"ImageObject","inLanguage":"ro-RO","@id":"https:\/\/secure.gravatar.com\/avatar\/3666fc9db19ce4fc33d28c51484dfd47d72229b75c4b29c83340f3ed82020998?s=96&d=mm&r=g","url":"https:\/\/secure.gravatar.com\/avatar\/3666fc9db19ce4fc33d28c51484dfd47d72229b75c4b29c83340f3ed82020998?s=96&d=mm&r=g","contentUrl":"https:\/\/secure.gravatar.com\/avatar\/3666fc9db19ce4fc33d28c51484dfd47d72229b75c4b29c83340f3ed82020998?s=96&d=mm&r=g","caption":"Admin"},"url":"https:\/\/www.catalomat.ro\/blog\/author\/admin\/"}]}},"_links":{"self":[{"href":"https:\/\/www.catalomat.ro\/blog\/wp-json\/wp\/v2\/posts\/31","targetHints":{"allow":["GET"]}}],"collection":[{"href":"https:\/\/www.catalomat.ro\/blog\/wp-json\/wp\/v2\/posts"}],"about":[{"href":"https:\/\/www.catalomat.ro\/blog\/wp-json\/wp\/v2\/types\/post"}],"author":[{"embeddable":true,"href":"https:\/\/www.catalomat.ro\/blog\/wp-json\/wp\/v2\/users\/1"}],"replies":[{"embeddable":true,"href":"https:\/\/www.catalomat.ro\/blog\/wp-json\/wp\/v2\/comments?post=31"}],"version-history":[{"count":6,"href":"https:\/\/www.catalomat.ro\/blog\/wp-json\/wp\/v2\/posts\/31\/revisions"}],"predecessor-version":[{"id":121,"href":"https:\/\/www.catalomat.ro\/blog\/wp-json\/wp\/v2\/posts\/31\/revisions\/121"}],"wp:featuredmedia":[{"embeddable":true,"href":"https:\/\/www.catalomat.ro\/blog\/wp-json\/wp\/v2\/media\/57"}],"wp:attachment":[{"href":"https:\/\/www.catalomat.ro\/blog\/wp-json\/wp\/v2\/media?parent=31"}],"wp:term":[{"taxonomy":"category","embeddable":true,"href":"https:\/\/www.catalomat.ro\/blog\/wp-json\/wp\/v2\/categories?post=31"},{"taxonomy":"post_tag","embeddable":true,"href":"https:\/\/www.catalomat.ro\/blog\/wp-json\/wp\/v2\/tags?post=31"}],"curies":[{"name":"wp","href":"https:\/\/api.w.org\/{rel}","templated":true}]}}